{"id":3135,"date":"2021-02-11T10:15:47","date_gmt":"2021-02-11T08:15:47","guid":{"rendered":"http:\/\/www.sjt.fi\/?p=3135"},"modified":"2021-02-11T10:27:16","modified_gmt":"2021-02-11T08:27:16","slug":"viljelypaivat-25-1-2021","status":"publish","type":"post","link":"https:\/\/www.sjt.fi\/?p=3135","title":{"rendered":"Viljelyp\u00e4iv\u00e4t 25.1.2021"},"content":{"rendered":"<p>Viljelyp\u00e4iv\u00e4t pidettiin t\u00e4n\u00e4 vuonna et\u00e4yhteyksien kautta. Videoitallenteet sek\u00e4 sucroksen edustajien esitykset l\u00f6yd\u00e4t <a href=\"https:\/\/www.sucros.fi\/irj\/portal\/nordzucker\/fi?NavigationTarget=pcd:portal_content\/other_vendors\/specialist\/com.opentext.pct.wsmpm\/iviews\/com.opentext.pct.wsmpm.smartview&amp;DynamicParameter=paraurl%3Dhttp%3A%2F%2Fgut210146.nordzucker.lan%3A8080%2Fcps%2Frde%2Fxchg%2Fagriportal%2Fhs.xsl%2F16257.htm%26paraconfig%3DOT-DS-Server_agriportal&amp;sapDocumentRenderingMode=Edge&amp;HistoryMode=2&amp;NavigationContext=navext(ROLES:\/\/portal_content\/nz_agri\/admin\/navigation\/rl.base\/08fa3aba-0c16-47c2-8781-0c352b34f4eb|OPENTEXT_EXTERNAL:\/\/_OT-DS-Server_agriportal\/F17BA5A009D24F80BE6CF1F3A35A8819--recursion=0\/~\/\/77D2FCB5CDB44CBE87880856867C2B77)&amp;windowId=WID1613031306259&amp;NavMode=0\">sucroksen sivuilta<\/a>.\u00a0<\/p>\n<p>Susanna Muurisen esityksen liittyen juurikkaan ravitsemukseen l\u00f6yd\u00e4t <a href=\"https:\/\/www.sjt.fi\/wp-content\/uploads\/2021\/02\/N-K-Na-viljelyp\u00e4iv\u00e4t-25.1.2021.pdf\">t\u00e4\u00e4lt\u00e4.<\/a><\/p>\n<p>Marja Palom\u00e4en p\u00e4ivitti ajankohtaiset kasvinsuojeluohjeet ja esitys l\u00f6ytyy <a href=\"https:\/\/www.sjt.fi\/wp-content\/uploads\/2021\/02\/Viljelyp\u00e4iv\u00e4t-2021_1.pdf\">t\u00e4\u00e4lt\u00e4.<\/a><\/p>\n<p>Sakari Malmilehdon tiedotti ajankohtaisista hankkeista <a href=\"https:\/\/www.sjt.fi\/wp-content\/uploads\/2021\/02\/Viljelyp\u00e4iv\u00e4t-2021-sakari-malmilehto.pdf\">t\u00e4\u00e4ll\u00e4<\/a>.<\/p>\n<p>&nbsp;<\/p>\n<p>&nbsp;<\/p>\n<p>&nbsp;<\/p>\n","protected":false},"excerpt":{"rendered":"<p>Viljelyp\u00e4iv\u00e4t pidettiin t\u00e4n\u00e4 vuonna et\u00e4yhteyksien kautta. Videoitallenteet sek\u00e4 sucroksen edustajien esitykset l\u00f6yd\u00e4t sucroksen sivuilta.\u00a0 Susanna Muurisen esityksen liittyen juurikkaan ravitsemukseen l\u00f6yd\u00e4t t\u00e4\u00e4lt\u00e4. Marja Palom\u00e4en p\u00e4ivitti ajankohtaiset kasvinsuojeluohjeet ja esitys l\u00f6ytyy [&hellip;]<\/p>\n","protected":false},"author":8,"featured_media":0,"comment_status":"closed","ping_status":"closed","sticky":false,"template":"","format":"standard","meta":{"_eb_attr":"","footnotes":""},"categories":[28],"tags":[],"class_list":["post-3135","post","type-post","status-publish","format-standard","hentry","category-muut-tapahtumat"],"_links":{"self":[{"href":"https:\/\/www.sjt.fi\/index.php?rest_route=\/wp\/v2\/posts\/3135","targetHints":{"allow":["GET"]}}],"collection":[{"href":"https:\/\/www.sjt.fi\/index.php?rest_route=\/wp\/v2\/posts"}],"about":[{"href":"https:\/\/www.sjt.fi\/index.php?rest_route=\/wp\/v2\/types\/post"}],"author":[{"embeddable":true,"href":"https:\/\/www.sjt.fi\/index.php?rest_route=\/wp\/v2\/users\/8"}],"replies":[{"embeddable":true,"href":"https:\/\/www.sjt.fi\/index.php?rest_route=%2Fwp%2Fv2%2Fcomments&post=3135"}],"version-history":[{"count":0,"href":"https:\/\/www.sjt.fi\/index.php?rest_route=\/wp\/v2\/posts\/3135\/revisions"}],"wp:attachment":[{"href":"https:\/\/www.sjt.fi\/index.php?rest_route=%2Fwp%2Fv2%2Fmedia&parent=3135"}],"wp:term":[{"taxonomy":"category","embeddable":true,"href":"https:\/\/www.sjt.fi\/index.php?rest_route=%2Fwp%2Fv2%2Fcategories&post=3135"},{"taxonomy":"post_tag","embeddable":true,"href":"https:\/\/www.sjt.fi\/index.php?rest_route=%2Fwp%2Fv2%2Ftags&post=3135"}],"curies":[{"name":"wp","href":"https:\/\/api.w.org\/{rel}","templated":true}]}}