{"id":5778,"date":"2022-07-19T15:37:51","date_gmt":"2022-07-19T12:37:51","guid":{"rendered":"http:\/\/www.sjt.fi\/?p=5778"},"modified":"2022-07-19T15:39:44","modified_gmt":"2022-07-19T12:39:44","slug":"hattulan-sorvi-pellonpiennarpaivan-tallenteet","status":"publish","type":"post","link":"https:\/\/www.sjt.fi\/?p=5778","title":{"rendered":"Hattulan SORVI-pellonpiennarp\u00e4iv\u00e4n tallenteet"},"content":{"rendered":"\n<p>Kasvukauden kolmas SORVI-pellonpiennarp\u00e4iv\u00e4 pidettiin Hattulassa Ossi Kupilan tilalla 6.7.2022. Kiitos kaikille mukana olleille aktiivisuudesta ja hyvist\u00e4 kysymyksist\u00e4. Tapahtuman videotallenteet l\u00f6ytyv\u00e4t alta. Saat kuvan isommaksi klikkaamalla videon oikeassa alareunassa n\u00e4kyv\u00e4\u00e4 neli\u00f6t\u00e4. <\/p>\n\n\n\n<figure class=\"wp-block-embed is-type-video is-provider-youtube wp-block-embed-youtube wp-embed-aspect-16-9 wp-has-aspect-ratio\"><div class=\"wp-block-embed__wrapper\">\n<iframe title=\"Marja Palom\u00e4ki, SjT: Ruiskutusveden pH:n laskeminen\" width=\"800\" height=\"450\" src=\"https:\/\/www.youtube.com\/embed\/KruSK6V_raw?feature=oembed\" frameborder=\"0\" allow=\"accelerometer; autoplay; clipboard-write; encrypted-media; gyroscope; picture-in-picture\" allowfullscreen><\/iframe>\n<\/div><\/figure>\n\n\n\n<p>Marja Palom\u00e4ki Sokerijuurikkaan Tutkimuskeskuksesta havainnollistaa ruiskutusveden pH:n laskemista optimaaliselle tasolle.<\/p>\n\n\n\n<p><\/p>\n\n\n\n<figure class=\"wp-block-embed is-type-video is-provider-youtube wp-block-embed-youtube wp-embed-aspect-16-9 wp-has-aspect-ratio\"><div class=\"wp-block-embed__wrapper\">\n<iframe title=\"KWS: Kasvukauden kuulumisia\" width=\"800\" height=\"450\" src=\"https:\/\/www.youtube.com\/embed\/gAUnxEA2KuQ?feature=oembed\" frameborder=\"0\" allow=\"accelerometer; autoplay; clipboard-write; encrypted-media; gyroscope; picture-in-picture\" allowfullscreen><\/iframe>\n<\/div><\/figure>\n\n\n\n<p>Sanni Yli-Puntari, Annariina Kokko ja Emma Pietil\u00e4 KWS:lt\u00e4 kertovat KWS:n kuulumisia kasvukaudelta. <\/p>\n\n\n\n<p><\/p>\n\n\n\n<figure class=\"wp-block-embed is-type-video is-provider-youtube wp-block-embed-youtube wp-embed-aspect-16-9 wp-has-aspect-ratio\"><div class=\"wp-block-embed__wrapper\">\n<iframe title=\"Sanni Yli-Puntari, KWS: Lajike-esittely\" width=\"800\" height=\"450\" src=\"https:\/\/www.youtube.com\/embed\/9Jz8MuQgeug?feature=oembed\" frameborder=\"0\" allow=\"accelerometer; autoplay; clipboard-write; encrypted-media; gyroscope; picture-in-picture\" allowfullscreen><\/iframe>\n<\/div><\/figure>\n\n\n\n<p>Sanni Yli-Puntari, KWS: Lajike-esittely<\/p>\n\n\n\n<p><\/p>\n\n\n\n<figure class=\"wp-block-embed is-type-video is-provider-youtube wp-block-embed-youtube wp-embed-aspect-16-9 wp-has-aspect-ratio\"><div class=\"wp-block-embed__wrapper\">\n<iframe title=\"Minni Tarkkanen, Bayer &amp; Marja Palom\u00e4ki, SjT: Buteo Start - ja Force-peittaukset.\" width=\"800\" height=\"450\" src=\"https:\/\/www.youtube.com\/embed\/6jAswXNqDJE?feature=oembed\" frameborder=\"0\" allow=\"accelerometer; autoplay; clipboard-write; encrypted-media; gyroscope; picture-in-picture\" allowfullscreen><\/iframe>\n<\/div><\/figure>\n\n\n\n<p>Minni Tarkkanen Bayer Crop Sciencelta ja Marja Palom\u00e4ki SjT:lt\u00e4 kertovat Buteo Start &#8211; ja Force-peittauksista. <\/p>\n\n\n\n<figure class=\"wp-block-embed is-type-video is-provider-youtube wp-block-embed-youtube wp-embed-aspect-16-9 wp-has-aspect-ratio\"><div class=\"wp-block-embed__wrapper\">\n<iframe title=\"Minni Tarkkanen, Bayer Crop Science: Resistenssin ehk\u00e4isy ja resistenttien kantojen torjunta\" width=\"800\" height=\"450\" src=\"https:\/\/www.youtube.com\/embed\/5z-AX_PmEFA?feature=oembed\" frameborder=\"0\" allow=\"accelerometer; autoplay; clipboard-write; encrypted-media; gyroscope; picture-in-picture\" allowfullscreen><\/iframe>\n<\/div><\/figure>\n\n\n\n<p>Minni Tarkkanen Bayer Crop Sciencelta kertoo resistenssin ehk\u00e4isyst\u00e4 ja resistenttien kasvikantojen torjunnasta.<\/p>\n\n\n\n<figure class=\"wp-block-embed is-type-video is-provider-youtube wp-block-embed-youtube wp-embed-aspect-16-9 wp-has-aspect-ratio\"><div class=\"wp-block-embed__wrapper\">\n<iframe title=\"Nelli Piekkari &amp; Asko Myllym\u00e4ki, AvenaBerner: Ajankohtaista viljelyss\u00e4 &amp; Mn-mittaus\" width=\"800\" height=\"450\" src=\"https:\/\/www.youtube.com\/embed\/TVbiQnQXLno?feature=oembed\" frameborder=\"0\" allow=\"accelerometer; autoplay; clipboard-write; encrypted-media; gyroscope; picture-in-picture\" allowfullscreen><\/iframe>\n<\/div><\/figure>\n\n\n\n<p>Asko Myllym\u00e4ki AvenaBernerilt\u00e4 kertoo ajankohtaisista asioista viljelyss\u00e4 ja Nelli Piekkari AvenaBernerilt\u00e4 kertoo mangaanipitoisuuden mittaamisesta.<\/p>\n\n\n\n<figure class=\"wp-block-image size-full\"><a href=\"https:\/\/www.sjt.fi\/wp-content\/uploads\/2022\/06\/Hattula.jpg\"><img fetchpriority=\"high\" decoding=\"async\" width=\"885\" height=\"310\" src=\"https:\/\/www.sjt.fi\/wp-content\/uploads\/2022\/06\/Hattula.jpg\" alt=\"\" class=\"wp-image-5685\" srcset=\"https:\/\/www.sjt.fi\/wp-content\/uploads\/2022\/06\/Hattula.jpg 885w, https:\/\/www.sjt.fi\/wp-content\/uploads\/2022\/06\/Hattula-300x105.jpg 300w, https:\/\/www.sjt.fi\/wp-content\/uploads\/2022\/06\/Hattula-768x269.jpg 768w\" sizes=\"(max-width: 885px) 100vw, 885px\" \/><\/a><\/figure>\n","protected":false},"excerpt":{"rendered":"<p>Kasvukauden kolmas SORVI-pellonpiennarp\u00e4iv\u00e4 pidettiin Hattulassa Ossi Kupilan tilalla 6.7.2022. Kiitos kaikille mukana olleille aktiivisuudesta ja hyvist\u00e4 kysymyksist\u00e4. Tapahtuman videotallenteet l\u00f6ytyv\u00e4t alta. Saat kuvan isommaksi klikkaamalla videon oikeassa alareunassa n\u00e4kyv\u00e4\u00e4 neli\u00f6t\u00e4. [&hellip;]<\/p>\n","protected":false},"author":10,"featured_media":1056,"comment_status":"closed","ping_status":"closed","sticky":false,"template":"","format":"standard","meta":{"_eb_attr":"","footnotes":""},"categories":[1,8,76],"tags":[],"class_list":["post-5778","post","type-post","status-publish","format-standard","has-post-thumbnail","hentry","category-ajankohtaista","category-tapahtumat","category-sorvi"],"_links":{"self":[{"href":"https:\/\/www.sjt.fi\/index.php?rest_route=\/wp\/v2\/posts\/5778","targetHints":{"allow":["GET"]}}],"collection":[{"href":"https:\/\/www.sjt.fi\/index.php?rest_route=\/wp\/v2\/posts"}],"about":[{"href":"https:\/\/www.sjt.fi\/index.php?rest_route=\/wp\/v2\/types\/post"}],"author":[{"embeddable":true,"href":"https:\/\/www.sjt.fi\/index.php?rest_route=\/wp\/v2\/users\/10"}],"replies":[{"embeddable":true,"href":"https:\/\/www.sjt.fi\/index.php?rest_route=%2Fwp%2Fv2%2Fcomments&post=5778"}],"version-history":[{"count":3,"href":"https:\/\/www.sjt.fi\/index.php?rest_route=\/wp\/v2\/posts\/5778\/revisions"}],"predecessor-version":[{"id":5781,"href":"https:\/\/www.sjt.fi\/index.php?rest_route=\/wp\/v2\/posts\/5778\/revisions\/5781"}],"wp:featuredmedia":[{"embeddable":true,"href":"https:\/\/www.sjt.fi\/index.php?rest_route=\/wp\/v2\/media\/1056"}],"wp:attachment":[{"href":"https:\/\/www.sjt.fi\/index.php?rest_route=%2Fwp%2Fv2%2Fmedia&parent=5778"}],"wp:term":[{"taxonomy":"category","embeddable":true,"href":"https:\/\/www.sjt.fi\/index.php?rest_route=%2Fwp%2Fv2%2Fcategories&post=5778"},{"taxonomy":"post_tag","embeddable":true,"href":"https:\/\/www.sjt.fi\/index.php?rest_route=%2Fwp%2Fv2%2Ftags&post=5778"}],"curies":[{"name":"wp","href":"https:\/\/api.w.org\/{rel}","templated":true}]}}